{"id":1730,"date":"2017-01-29T11:20:48","date_gmt":"2017-01-29T10:20:48","guid":{"rendered":"http:\/\/www.bergvideomedia.de\/wpkp\/?p=1730"},"modified":"2020-11-07T17:14:20","modified_gmt":"2020-11-07T16:14:20","slug":"beispiel-40","status":"publish","type":"post","link":"https:\/\/www.bergvideomedia.de\/wpkp\/2017\/01\/29\/beispiel-40\/","title":{"rendered":"Grafik-Animation"},"content":{"rendered":"<h4 class=\"beitragstexte\">Projektionsclip f\u00fcr das B\u00fchnenbild am Ulmer Theater<\/h4>\n<h4 class=\"beitragstexte\"><video preload=\"auto\" controls=\"controls\" width=\"640\" height=\"auto\"><source src=\"https:\/\/www.bergvideomedia.de\/filme\/40_g_lilli.mp4\" type=\"video\/mp4\" \/><embed src=\"https:\/\/www.bergvideomedia.de\/filme\/40_g_lilli.mp4\" type=\"application\/x-shockwave-flash\" width=\"640\" height=\"auto\" \/><\/video><br \/>\n<a href=\"https:\/\/www.lillilangohr.de\/\" target=\"_blanc\" rel=\"noopener noreferrer\">Lilli Langohr Projekt-Homepage<\/a><\/h4>\n<h4 class=\"beitragstexte\">Projektionsfilm f\u00fcr ein Kinder-Musical im Rahmen des M\u00fcnsterjubil\u00e4ums. Animation der von Mario Spreen digital aufbereiteten Illustrationen von Michael D\u00f6hmann.<\/h4>\n<section class=\"l-section wpb_row height_medium\"><div class=\"l-section-h i-cf\"><div class=\"g-cols vc_row via_flex valign_top type_default stacking_default\"><div class=\"vc_col-sm-12 wpb_column vc_column_container align_center\"><div class=\"vc_column-inner\"><div class=\"wpb_wrapper\"><div class=\"w-btn-wrapper align_none\"><a class=\"w-btn us-btn-style_3 us_custom_80a192e9\" href=\"https:\/\/www.bergvideomedia.de\/wpkp#examples\"><span class=\"w-btn-label\">Startseite<\/span><\/a><\/div><\/div><\/div><\/div><\/div><\/div><\/section>\n","protected":false},"excerpt":{"rendered":"<p>Projektionsclip f\u00fcr das B\u00fchnenbild am Ulmer Theater Lilli Langohr Projekt-Homepage Projektionsfilm f\u00fcr ein Kinder-Musical im Rahmen des M\u00fcnsterjubil\u00e4ums. Animation der von Mario Spreen digital aufbereiteten Illustrationen von Michael D\u00f6hmann.<\/p>\n","protected":false},"author":1,"featured_media":0,"comment_status":"closed","ping_status":"closed","sticky":false,"template":"","format":"standard","meta":{"footnotes":""},"categories":[25],"tags":[],"class_list":["post-1730","post","type-post","status-publish","format-standard","hentry","category-beispiele"],"yoast_head":"<!-- This site is optimized with the Yoast SEO plugin v21.3 - https:\/\/yoast.com\/wordpress\/plugins\/seo\/ -->\n<title>Grafik-Animation - Berg-VideoMedia<\/title>\n<meta name=\"robots\" content=\"index, follow, max-snippet:-1, max-image-preview:large, max-video-preview:-1\" \/>\n<link rel=\"canonical\" href=\"https:\/\/www.bergvideomedia.de\/wpkp\/2017\/01\/29\/beispiel-40\/\" \/>\n<meta property=\"og:locale\" content=\"de_DE\" \/>\n<meta property=\"og:type\" content=\"article\" \/>\n<meta property=\"og:title\" content=\"Grafik-Animation - Berg-VideoMedia\" \/>\n<meta property=\"og:description\" content=\"Projektionsclip f\u00fcr das B\u00fchnenbild am Ulmer Theater Lilli Langohr Projekt-Homepage Projektionsfilm f\u00fcr ein Kinder-Musical im Rahmen des M\u00fcnsterjubil\u00e4ums. Animation der von Mario Spreen digital aufbereiteten Illustrationen von Michael D\u00f6hmann.\" \/>\n<meta property=\"og:url\" content=\"https:\/\/www.bergvideomedia.de\/wpkp\/2017\/01\/29\/beispiel-40\/\" \/>\n<meta property=\"og:site_name\" content=\"Berg-VideoMedia\" \/>\n<meta property=\"article:published_time\" content=\"2017-01-29T10:20:48+00:00\" \/>\n<meta property=\"article:modified_time\" content=\"2020-11-07T16:14:20+00:00\" \/>\n<meta name=\"author\" content=\"berg\" \/>\n<meta name=\"twitter:card\" content=\"summary_large_image\" \/>\n<meta name=\"twitter:label1\" content=\"Verfasst von\" \/>\n\t<meta name=\"twitter:data1\" content=\"berg\" \/>\n<script type=\"application\/ld+json\" class=\"yoast-schema-graph\">{\"@context\":\"https:\/\/schema.org\",\"@graph\":[{\"@type\":\"WebPage\",\"@id\":\"https:\/\/www.bergvideomedia.de\/wpkp\/2017\/01\/29\/beispiel-40\/\",\"url\":\"https:\/\/www.bergvideomedia.de\/wpkp\/2017\/01\/29\/beispiel-40\/\",\"name\":\"Grafik-Animation - Berg-VideoMedia\",\"isPartOf\":{\"@id\":\"https:\/\/www.bergvideomedia.de\/wpkp\/#website\"},\"datePublished\":\"2017-01-29T10:20:48+00:00\",\"dateModified\":\"2020-11-07T16:14:20+00:00\",\"author\":{\"@id\":\"https:\/\/www.bergvideomedia.de\/wpkp\/#\/schema\/person\/8636844e16f053ac919e0da5df9876db\"},\"breadcrumb\":{\"@id\":\"https:\/\/www.bergvideomedia.de\/wpkp\/2017\/01\/29\/beispiel-40\/#breadcrumb\"},\"inLanguage\":\"de\",\"potentialAction\":[{\"@type\":\"ReadAction\",\"target\":[\"https:\/\/www.bergvideomedia.de\/wpkp\/2017\/01\/29\/beispiel-40\/\"]}]},{\"@type\":\"BreadcrumbList\",\"@id\":\"https:\/\/www.bergvideomedia.de\/wpkp\/2017\/01\/29\/beispiel-40\/#breadcrumb\",\"itemListElement\":[{\"@type\":\"ListItem\",\"position\":1,\"name\":\"Startseite\",\"item\":\"https:\/\/www.bergvideomedia.de\/wpkp\/\"},{\"@type\":\"ListItem\",\"position\":2,\"name\":\"Grafik-Animation\"}]},{\"@type\":\"WebSite\",\"@id\":\"https:\/\/www.bergvideomedia.de\/wpkp\/#website\",\"url\":\"https:\/\/www.bergvideomedia.de\/wpkp\/\",\"name\":\"Berg-VideoMedia\",\"description\":\"Medienproduktion - Langenau\/Ulm\",\"potentialAction\":[{\"@type\":\"SearchAction\",\"target\":{\"@type\":\"EntryPoint\",\"urlTemplate\":\"https:\/\/www.bergvideomedia.de\/wpkp\/?s={search_term_string}\"},\"query-input\":\"required name=search_term_string\"}],\"inLanguage\":\"de\"},{\"@type\":\"Person\",\"@id\":\"https:\/\/www.bergvideomedia.de\/wpkp\/#\/schema\/person\/8636844e16f053ac919e0da5df9876db\",\"name\":\"berg\",\"image\":{\"@type\":\"ImageObject\",\"inLanguage\":\"de\",\"@id\":\"https:\/\/www.bergvideomedia.de\/wpkp\/#\/schema\/person\/image\/\",\"url\":\"https:\/\/secure.gravatar.com\/avatar\/8a4f97da2bee91e2e067c0a79301ba62?s=96&d=mm&r=g\",\"contentUrl\":\"https:\/\/secure.gravatar.com\/avatar\/8a4f97da2bee91e2e067c0a79301ba62?s=96&d=mm&r=g\",\"caption\":\"berg\"},\"url\":\"https:\/\/www.bergvideomedia.de\/wpkp\/author\/berg\/\"}]}<\/script>\n<!-- \/ Yoast SEO plugin. -->","yoast_head_json":{"title":"Grafik-Animation - Berg-VideoMedia","robots":{"index":"index","follow":"follow","max-snippet":"max-snippet:-1","max-image-preview":"max-image-preview:large","max-video-preview":"max-video-preview:-1"},"canonical":"https:\/\/www.bergvideomedia.de\/wpkp\/2017\/01\/29\/beispiel-40\/","og_locale":"de_DE","og_type":"article","og_title":"Grafik-Animation - Berg-VideoMedia","og_description":"Projektionsclip f\u00fcr das B\u00fchnenbild am Ulmer Theater Lilli Langohr Projekt-Homepage Projektionsfilm f\u00fcr ein Kinder-Musical im Rahmen des M\u00fcnsterjubil\u00e4ums. Animation der von Mario Spreen digital aufbereiteten Illustrationen von Michael D\u00f6hmann.","og_url":"https:\/\/www.bergvideomedia.de\/wpkp\/2017\/01\/29\/beispiel-40\/","og_site_name":"Berg-VideoMedia","article_published_time":"2017-01-29T10:20:48+00:00","article_modified_time":"2020-11-07T16:14:20+00:00","author":"berg","twitter_card":"summary_large_image","twitter_misc":{"Verfasst von":"berg"},"schema":{"@context":"https:\/\/schema.org","@graph":[{"@type":"WebPage","@id":"https:\/\/www.bergvideomedia.de\/wpkp\/2017\/01\/29\/beispiel-40\/","url":"https:\/\/www.bergvideomedia.de\/wpkp\/2017\/01\/29\/beispiel-40\/","name":"Grafik-Animation - Berg-VideoMedia","isPartOf":{"@id":"https:\/\/www.bergvideomedia.de\/wpkp\/#website"},"datePublished":"2017-01-29T10:20:48+00:00","dateModified":"2020-11-07T16:14:20+00:00","author":{"@id":"https:\/\/www.bergvideomedia.de\/wpkp\/#\/schema\/person\/8636844e16f053ac919e0da5df9876db"},"breadcrumb":{"@id":"https:\/\/www.bergvideomedia.de\/wpkp\/2017\/01\/29\/beispiel-40\/#breadcrumb"},"inLanguage":"de","potentialAction":[{"@type":"ReadAction","target":["https:\/\/www.bergvideomedia.de\/wpkp\/2017\/01\/29\/beispiel-40\/"]}]},{"@type":"BreadcrumbList","@id":"https:\/\/www.bergvideomedia.de\/wpkp\/2017\/01\/29\/beispiel-40\/#breadcrumb","itemListElement":[{"@type":"ListItem","position":1,"name":"Startseite","item":"https:\/\/www.bergvideomedia.de\/wpkp\/"},{"@type":"ListItem","position":2,"name":"Grafik-Animation"}]},{"@type":"WebSite","@id":"https:\/\/www.bergvideomedia.de\/wpkp\/#website","url":"https:\/\/www.bergvideomedia.de\/wpkp\/","name":"Berg-VideoMedia","description":"Medienproduktion - Langenau\/Ulm","potentialAction":[{"@type":"SearchAction","target":{"@type":"EntryPoint","urlTemplate":"https:\/\/www.bergvideomedia.de\/wpkp\/?s={search_term_string}"},"query-input":"required name=search_term_string"}],"inLanguage":"de"},{"@type":"Person","@id":"https:\/\/www.bergvideomedia.de\/wpkp\/#\/schema\/person\/8636844e16f053ac919e0da5df9876db","name":"berg","image":{"@type":"ImageObject","inLanguage":"de","@id":"https:\/\/www.bergvideomedia.de\/wpkp\/#\/schema\/person\/image\/","url":"https:\/\/secure.gravatar.com\/avatar\/8a4f97da2bee91e2e067c0a79301ba62?s=96&d=mm&r=g","contentUrl":"https:\/\/secure.gravatar.com\/avatar\/8a4f97da2bee91e2e067c0a79301ba62?s=96&d=mm&r=g","caption":"berg"},"url":"https:\/\/www.bergvideomedia.de\/wpkp\/author\/berg\/"}]}},"_links":{"self":[{"href":"https:\/\/www.bergvideomedia.de\/wpkp\/wp-json\/wp\/v2\/posts\/1730"}],"collection":[{"href":"https:\/\/www.bergvideomedia.de\/wpkp\/wp-json\/wp\/v2\/posts"}],"about":[{"href":"https:\/\/www.bergvideomedia.de\/wpkp\/wp-json\/wp\/v2\/types\/post"}],"author":[{"embeddable":true,"href":"https:\/\/www.bergvideomedia.de\/wpkp\/wp-json\/wp\/v2\/users\/1"}],"replies":[{"embeddable":true,"href":"https:\/\/www.bergvideomedia.de\/wpkp\/wp-json\/wp\/v2\/comments?post=1730"}],"version-history":[{"count":9,"href":"https:\/\/www.bergvideomedia.de\/wpkp\/wp-json\/wp\/v2\/posts\/1730\/revisions"}],"predecessor-version":[{"id":2895,"href":"https:\/\/www.bergvideomedia.de\/wpkp\/wp-json\/wp\/v2\/posts\/1730\/revisions\/2895"}],"wp:attachment":[{"href":"https:\/\/www.bergvideomedia.de\/wpkp\/wp-json\/wp\/v2\/media?parent=1730"}],"wp:term":[{"taxonomy":"category","embeddable":true,"href":"https:\/\/www.bergvideomedia.de\/wpkp\/wp-json\/wp\/v2\/categories?post=1730"},{"taxonomy":"post_tag","embeddable":true,"href":"https:\/\/www.bergvideomedia.de\/wpkp\/wp-json\/wp\/v2\/tags?post=1730"}],"curies":[{"name":"wp","href":"https:\/\/api.w.org\/{rel}","templated":true}]}}